{"id":16483,"date":"2026-04-29T15:22:31","date_gmt":"2026-04-29T19:22:31","guid":{"rendered":"https:\/\/presbyteriancollege.ca\/2026\/04\/29\/poste-a-pourvoir-directeur-du-college-presbyterien\/"},"modified":"2026-04-29T16:16:19","modified_gmt":"2026-04-29T20:16:19","slug":"poste-a-pourvoir-directeur-du-college-presbyterien","status":"publish","type":"post","link":"https:\/\/presbyteriancollege.ca\/fr\/2026\/04\/29\/poste-a-pourvoir-directeur-du-college-presbyterien\/","title":{"rendered":"Offre d&#8217;emploi &#8211; Principal du Coll\u00e8ge presbyt\u00e9rien"},"content":{"rendered":"\n<h5 class=\"wp-block-heading\">Offre d&#8217;emploi &#8211; Principal du Coll\u00e8ge presbyt\u00e9rien<\/h5>\n\n<p>Le Presbyterian College est une communaut\u00e9 dynamique o\u00f9 se m\u00ealent adoration, apprentissage et amiti\u00e9. Nous vivons avec J\u00e9sus ressuscit\u00e9, trouvons la joie en sa pr\u00e9sence et d\u00e9couvrons notre vocation gr\u00e2ce \u00e0 l\u2019Esprit qu\u2019il insuffle en nous. Nos racines sont profond\u00e9ment ancr\u00e9es dans la tradition presbyt\u00e9rienne et r\u00e9form\u00e9e, que nous embrassons et partageons avec gratitude. Nous accueillons des \u00e9tudiants issus de diverses traditions th\u00e9ologiques et de l\u2019\u00c9glise universelle. Nous d\u00e9couvrons ce que signifie vivre l\u2019amour du Christ pour l\u2019\u00c9glise, notre monde et nos communaut\u00e9s.    <\/p>\n\n<p>La mission du Coll\u00e8ge presbyt\u00e9rien de Montr\u00e9al, fond\u00e9 en 1865, est d&#8217;enrichir la compr\u00e9hension th\u00e9ologique, biblique et culturelle des chr\u00e9tiens, de les fortifier dans la poursuite de leur vocation et d&#8217;approfondir leur relation avec J\u00e9sus. Nous remplissons cette mission par le biais de programmes menant \u00e0 un dipl\u00f4me, d&#8217;ateliers cr\u00e9atifs, de s\u00e9minaires et de formations, ainsi que par une formation intentionnelle aux pratiques spirituelles. <\/p>\n\n<p>Le Presbyterian College recherche un Principal dont le r\u00f4le consistera \u00e0 soutenir, \u00e0 entretenir et \u00e0 faire progresser la mission du Presbyterian College, sous la supervision du Conseil des gouverneurs, au service de l&#8217;\u00c9glise presbyt\u00e9rienne au Canada. <\/p>\n\n<p class=\"has-black-color has-text-color has-link-color wp-elements-38c49c20b1616d3bf211f82547c840e8\">Pour plus d&#8217;informations sur le poste et les proc\u00e9dures de candidature, <span style=\"text-decoration: underline;\"><a href=\"https:\/\/presbyteriancollege.ca\/wp-content\/uploads\/2026\/04\/Position-Opening-Principal-of-The-Presbyterian-College-Montreal-3.pdf\" target=\"_blank\" rel=\"noreferrer noopener\"><strong>veuillez cliquer ici.<\/strong><\/a><\/span><\/p>\n\n<p><\/p>\n","protected":false},"excerpt":{"rendered":"<p>Offre d&#8217;emploi &#8211; Principal du Coll\u00e8ge presbyt\u00e9rien Le Presbyterian College est une communaut\u00e9 dynamique o\u00f9 se m\u00ealent adoration, apprentissage et amiti\u00e9. Nous vivons avec J\u00e9sus ressuscit\u00e9, trouvons la joie en [&hellip;]<\/p>\n","protected":false},"author":2,"featured_media":12413,"comment_status":"open","ping_status":"closed","sticky":true,"template":"","format":"standard","meta":{"episode_type":"","audio_file":"","podmotor_file_id":"","podmotor_episode_id":"","cover_image":"","cover_image_id":"","duration":"","filesize":"","filesize_raw":"","date_recorded":"","explicit":"","block":"","footnotes":""},"categories":[139,126],"tags":[],"class_list":["post-16483","post","type-post","status-publish","format-standard","has-post-thumbnail","hentry","category-actualites","category-non-classifiee"],"yoast_head":"<!-- This site is optimized with the Yoast SEO plugin v27.4 - https:\/\/yoast.com\/product\/yoast-seo-wordpress\/ -->\n<title>Offre d&#039;emploi - Principal du Coll\u00e8ge presbyt\u00e9rien - The Presbyterian College, Montreal<\/title>\n<meta name=\"description\" content=\"Le Coll\u00e8ge presbyt\u00e9rien de Montr\u00e9al est \u00e0 la recherche d&#039;un nouveau directeur ou d&#039;une nouvelle directrice pour soutenir, nourrir et faire progresser la mission du Coll\u00e8ge presbyt\u00e9rien sous la supervision du Conseil des gouverneurs.\" \/>\n<meta name=\"robots\" content=\"index, follow, max-snippet:-1, max-image-preview:large, max-video-preview:-1\" \/>\n<link rel=\"canonical\" href=\"https:\/\/presbyteriancollege.ca\/fr\/2026\/04\/29\/poste-a-pourvoir-directeur-du-college-presbyterien\/\" \/>\n<meta property=\"og:locale\" content=\"fr_FR\" \/>\n<meta property=\"og:type\" content=\"article\" \/>\n<meta property=\"og:title\" content=\"Offre d&#039;emploi - Principal du Coll\u00e8ge presbyt\u00e9rien - The Presbyterian College, Montreal\" \/>\n<meta property=\"og:description\" content=\"Le Coll\u00e8ge presbyt\u00e9rien de Montr\u00e9al est \u00e0 la recherche d&#039;un nouveau directeur ou d&#039;une nouvelle directrice pour soutenir, nourrir et faire progresser la mission du Coll\u00e8ge presbyt\u00e9rien sous la supervision du Conseil des gouverneurs.\" \/>\n<meta property=\"og:url\" content=\"https:\/\/presbyteriancollege.ca\/fr\/2026\/04\/29\/poste-a-pourvoir-directeur-du-college-presbyterien\/\" \/>\n<meta property=\"og:site_name\" content=\"The Presbyterian College, Montreal\" \/>\n<meta property=\"article:publisher\" content=\"https:\/\/www.facebook.com\/PCleadershipcentre\" \/>\n<meta property=\"article:published_time\" content=\"2026-04-29T19:22:31+00:00\" \/>\n<meta property=\"article:modified_time\" content=\"2026-04-29T20:16:19+00:00\" \/>\n<meta property=\"og:image\" content=\"https:\/\/presbyteriancollege.ca\/wp-content\/uploads\/2023\/07\/cover-2-e1767877625774.jpeg\" \/>\n\t<meta property=\"og:image:width\" content=\"640\" \/>\n\t<meta property=\"og:image:height\" content=\"640\" \/>\n\t<meta property=\"og:image:type\" content=\"image\/jpeg\" \/>\n<meta name=\"author\" content=\"Roland De Vries\" \/>\n<meta name=\"twitter:card\" content=\"summary_large_image\" \/>\n<meta name=\"twitter:creator\" content=\"@presbycol\" \/>\n<meta name=\"twitter:site\" content=\"@presbycol\" \/>\n<meta name=\"twitter:label1\" content=\"Written by\" \/>\n\t<meta name=\"twitter:data1\" content=\"Roland De Vries\" \/>\n\t<meta name=\"twitter:label2\" content=\"Est. reading time\" \/>\n\t<meta name=\"twitter:data2\" content=\"1 minute\" \/>\n<script type=\"application\/ld+json\" class=\"yoast-schema-graph\">{\"@context\":\"https:\\\/\\\/schema.org\",\"@graph\":[{\"@type\":\"Article\",\"@id\":\"https:\\\/\\\/presbyteriancollege.ca\\\/fr\\\/2026\\\/04\\\/29\\\/poste-a-pourvoir-directeur-du-college-presbyterien\\\/#article\",\"isPartOf\":{\"@id\":\"https:\\\/\\\/presbyteriancollege.ca\\\/fr\\\/2026\\\/04\\\/29\\\/poste-a-pourvoir-directeur-du-college-presbyterien\\\/\"},\"author\":{\"name\":\"Roland De Vries\",\"@id\":\"https:\\\/\\\/presbyteriancollege.ca\\\/#\\\/schema\\\/person\\\/950636f3cf5f0565d32450bb71582b34\"},\"headline\":\"Offre d&#8217;emploi &#8211; Principal du Coll\u00e8ge presbyt\u00e9rien\",\"datePublished\":\"2026-04-29T19:22:31+00:00\",\"dateModified\":\"2026-04-29T20:16:19+00:00\",\"mainEntityOfPage\":{\"@id\":\"https:\\\/\\\/presbyteriancollege.ca\\\/fr\\\/2026\\\/04\\\/29\\\/poste-a-pourvoir-directeur-du-college-presbyterien\\\/\"},\"wordCount\":248,\"commentCount\":0,\"publisher\":{\"@id\":\"https:\\\/\\\/presbyteriancollege.ca\\\/#organization\"},\"image\":{\"@id\":\"https:\\\/\\\/presbyteriancollege.ca\\\/fr\\\/2026\\\/04\\\/29\\\/poste-a-pourvoir-directeur-du-college-presbyterien\\\/#primaryimage\"},\"thumbnailUrl\":\"https:\\\/\\\/presbyteriancollege.ca\\\/wp-content\\\/uploads\\\/2023\\\/07\\\/cover-2-e1767877625774.jpeg\",\"articleSection\":[\"Actualit\u00e9s\",\"Non classifi\u00e9(e)\"],\"inLanguage\":\"fr-FR\",\"potentialAction\":[{\"@type\":\"CommentAction\",\"name\":\"Comment\",\"target\":[\"https:\\\/\\\/presbyteriancollege.ca\\\/fr\\\/2026\\\/04\\\/29\\\/poste-a-pourvoir-directeur-du-college-presbyterien\\\/#respond\"]}]},{\"@type\":\"WebPage\",\"@id\":\"https:\\\/\\\/presbyteriancollege.ca\\\/fr\\\/2026\\\/04\\\/29\\\/poste-a-pourvoir-directeur-du-college-presbyterien\\\/\",\"url\":\"https:\\\/\\\/presbyteriancollege.ca\\\/fr\\\/2026\\\/04\\\/29\\\/poste-a-pourvoir-directeur-du-college-presbyterien\\\/\",\"name\":\"Offre d'emploi - Principal du Coll\u00e8ge presbyt\u00e9rien - The Presbyterian College, Montreal\",\"isPartOf\":{\"@id\":\"https:\\\/\\\/presbyteriancollege.ca\\\/#website\"},\"primaryImageOfPage\":{\"@id\":\"https:\\\/\\\/presbyteriancollege.ca\\\/fr\\\/2026\\\/04\\\/29\\\/poste-a-pourvoir-directeur-du-college-presbyterien\\\/#primaryimage\"},\"image\":{\"@id\":\"https:\\\/\\\/presbyteriancollege.ca\\\/fr\\\/2026\\\/04\\\/29\\\/poste-a-pourvoir-directeur-du-college-presbyterien\\\/#primaryimage\"},\"thumbnailUrl\":\"https:\\\/\\\/presbyteriancollege.ca\\\/wp-content\\\/uploads\\\/2023\\\/07\\\/cover-2-e1767877625774.jpeg\",\"datePublished\":\"2026-04-29T19:22:31+00:00\",\"dateModified\":\"2026-04-29T20:16:19+00:00\",\"description\":\"Le Coll\u00e8ge presbyt\u00e9rien de Montr\u00e9al est \u00e0 la recherche d'un nouveau directeur ou d'une nouvelle directrice pour soutenir, nourrir et faire progresser la mission du Coll\u00e8ge presbyt\u00e9rien sous la supervision du Conseil des gouverneurs.\",\"breadcrumb\":{\"@id\":\"https:\\\/\\\/presbyteriancollege.ca\\\/fr\\\/2026\\\/04\\\/29\\\/poste-a-pourvoir-directeur-du-college-presbyterien\\\/#breadcrumb\"},\"inLanguage\":\"fr-FR\",\"potentialAction\":[{\"@type\":\"ReadAction\",\"target\":[\"https:\\\/\\\/presbyteriancollege.ca\\\/fr\\\/2026\\\/04\\\/29\\\/poste-a-pourvoir-directeur-du-college-presbyterien\\\/\"]}]},{\"@type\":\"ImageObject\",\"inLanguage\":\"fr-FR\",\"@id\":\"https:\\\/\\\/presbyteriancollege.ca\\\/fr\\\/2026\\\/04\\\/29\\\/poste-a-pourvoir-directeur-du-college-presbyterien\\\/#primaryimage\",\"url\":\"https:\\\/\\\/presbyteriancollege.ca\\\/wp-content\\\/uploads\\\/2023\\\/07\\\/cover-2-e1767877625774.jpeg\",\"contentUrl\":\"https:\\\/\\\/presbyteriancollege.ca\\\/wp-content\\\/uploads\\\/2023\\\/07\\\/cover-2-e1767877625774.jpeg\",\"width\":640,\"height\":640,\"caption\":\"in downtown Montreal, Quebec, Canada.\"},{\"@type\":\"BreadcrumbList\",\"@id\":\"https:\\\/\\\/presbyteriancollege.ca\\\/fr\\\/2026\\\/04\\\/29\\\/poste-a-pourvoir-directeur-du-college-presbyterien\\\/#breadcrumb\",\"itemListElement\":[{\"@type\":\"ListItem\",\"position\":1,\"name\":\"Home\",\"item\":\"https:\\\/\\\/presbyteriancollege.ca\\\/fr\\\/\"},{\"@type\":\"ListItem\",\"position\":2,\"name\":\"Offre d&#8217;emploi &#8211; Principal du Coll\u00e8ge presbyt\u00e9rien\"}]},{\"@type\":\"WebSite\",\"@id\":\"https:\\\/\\\/presbyteriancollege.ca\\\/#website\",\"url\":\"https:\\\/\\\/presbyteriancollege.ca\\\/\",\"name\":\"The Presbyterian College, Montreal\",\"description\":\"\",\"publisher\":{\"@id\":\"https:\\\/\\\/presbyteriancollege.ca\\\/#organization\"},\"potentialAction\":[{\"@type\":\"SearchAction\",\"target\":{\"@type\":\"EntryPoint\",\"urlTemplate\":\"https:\\\/\\\/presbyteriancollege.ca\\\/?s={search_term_string}\"},\"query-input\":{\"@type\":\"PropertyValueSpecification\",\"valueRequired\":true,\"valueName\":\"search_term_string\"}}],\"inLanguage\":\"fr-FR\"},{\"@type\":\"Organization\",\"@id\":\"https:\\\/\\\/presbyteriancollege.ca\\\/#organization\",\"name\":\"The Presbyterian College, Montreal\",\"url\":\"https:\\\/\\\/presbyteriancollege.ca\\\/\",\"logo\":{\"@type\":\"ImageObject\",\"inLanguage\":\"fr-FR\",\"@id\":\"https:\\\/\\\/presbyteriancollege.ca\\\/#\\\/schema\\\/logo\\\/image\\\/\",\"url\":\"https:\\\/\\\/presbyteriancollege.ca\\\/wordpress2021\\\/wp-content\\\/uploads\\\/2021\\\/05\\\/PC_logo_2021.png\",\"contentUrl\":\"https:\\\/\\\/presbyteriancollege.ca\\\/wordpress2021\\\/wp-content\\\/uploads\\\/2021\\\/05\\\/PC_logo_2021.png\",\"width\":2075,\"height\":545,\"caption\":\"The Presbyterian College, Montreal\"},\"image\":{\"@id\":\"https:\\\/\\\/presbyteriancollege.ca\\\/#\\\/schema\\\/logo\\\/image\\\/\"},\"sameAs\":[\"https:\\\/\\\/www.facebook.com\\\/PCleadershipcentre\",\"https:\\\/\\\/x.com\\\/presbycol\"]},{\"@type\":\"Person\",\"@id\":\"https:\\\/\\\/presbyteriancollege.ca\\\/#\\\/schema\\\/person\\\/950636f3cf5f0565d32450bb71582b34\",\"name\":\"Roland De Vries\",\"image\":{\"@type\":\"ImageObject\",\"inLanguage\":\"fr-FR\",\"@id\":\"https:\\\/\\\/secure.gravatar.com\\\/avatar\\\/12ec785da9be9990c109e7a510a1a8d12cc8f8ffbeb3141397806f88deb8d373?s=96&d=mm&r=g\",\"url\":\"https:\\\/\\\/secure.gravatar.com\\\/avatar\\\/12ec785da9be9990c109e7a510a1a8d12cc8f8ffbeb3141397806f88deb8d373?s=96&d=mm&r=g\",\"contentUrl\":\"https:\\\/\\\/secure.gravatar.com\\\/avatar\\\/12ec785da9be9990c109e7a510a1a8d12cc8f8ffbeb3141397806f88deb8d373?s=96&d=mm&r=g\",\"caption\":\"Roland De Vries\"},\"sameAs\":[\"https:\\\/\\\/presbyteriancollege.ca\\\/\"],\"url\":\"https:\\\/\\\/presbyteriancollege.ca\\\/fr\\\/author\\\/roland\\\/\"}]}<\/script>\n<!-- \/ Yoast SEO plugin. -->","yoast_head_json":{"title":"Offre d'emploi - Principal du Coll\u00e8ge presbyt\u00e9rien - The Presbyterian College, Montreal","description":"Le Coll\u00e8ge presbyt\u00e9rien de Montr\u00e9al est \u00e0 la recherche d'un nouveau directeur ou d'une nouvelle directrice pour soutenir, nourrir et faire progresser la mission du Coll\u00e8ge presbyt\u00e9rien sous la supervision du Conseil des gouverneurs.","robots":{"index":"index","follow":"follow","max-snippet":"max-snippet:-1","max-image-preview":"max-image-preview:large","max-video-preview":"max-video-preview:-1"},"canonical":"https:\/\/presbyteriancollege.ca\/fr\/2026\/04\/29\/poste-a-pourvoir-directeur-du-college-presbyterien\/","og_locale":"fr_FR","og_type":"article","og_title":"Offre d'emploi - Principal du Coll\u00e8ge presbyt\u00e9rien - The Presbyterian College, Montreal","og_description":"Le Coll\u00e8ge presbyt\u00e9rien de Montr\u00e9al est \u00e0 la recherche d'un nouveau directeur ou d'une nouvelle directrice pour soutenir, nourrir et faire progresser la mission du Coll\u00e8ge presbyt\u00e9rien sous la supervision du Conseil des gouverneurs.","og_url":"https:\/\/presbyteriancollege.ca\/fr\/2026\/04\/29\/poste-a-pourvoir-directeur-du-college-presbyterien\/","og_site_name":"The Presbyterian College, Montreal","article_publisher":"https:\/\/www.facebook.com\/PCleadershipcentre","article_published_time":"2026-04-29T19:22:31+00:00","article_modified_time":"2026-04-29T20:16:19+00:00","og_image":[{"width":640,"height":640,"url":"https:\/\/presbyteriancollege.ca\/wp-content\/uploads\/2023\/07\/cover-2-e1767877625774.jpeg","type":"image\/jpeg"}],"author":"Roland De Vries","twitter_card":"summary_large_image","twitter_creator":"@presbycol","twitter_site":"@presbycol","twitter_misc":{"Written by":"Roland De Vries","Est. reading time":"1 minute"},"schema":{"@context":"https:\/\/schema.org","@graph":[{"@type":"Article","@id":"https:\/\/presbyteriancollege.ca\/fr\/2026\/04\/29\/poste-a-pourvoir-directeur-du-college-presbyterien\/#article","isPartOf":{"@id":"https:\/\/presbyteriancollege.ca\/fr\/2026\/04\/29\/poste-a-pourvoir-directeur-du-college-presbyterien\/"},"author":{"name":"Roland De Vries","@id":"https:\/\/presbyteriancollege.ca\/#\/schema\/person\/950636f3cf5f0565d32450bb71582b34"},"headline":"Offre d&#8217;emploi &#8211; Principal du Coll\u00e8ge presbyt\u00e9rien","datePublished":"2026-04-29T19:22:31+00:00","dateModified":"2026-04-29T20:16:19+00:00","mainEntityOfPage":{"@id":"https:\/\/presbyteriancollege.ca\/fr\/2026\/04\/29\/poste-a-pourvoir-directeur-du-college-presbyterien\/"},"wordCount":248,"commentCount":0,"publisher":{"@id":"https:\/\/presbyteriancollege.ca\/#organization"},"image":{"@id":"https:\/\/presbyteriancollege.ca\/fr\/2026\/04\/29\/poste-a-pourvoir-directeur-du-college-presbyterien\/#primaryimage"},"thumbnailUrl":"https:\/\/presbyteriancollege.ca\/wp-content\/uploads\/2023\/07\/cover-2-e1767877625774.jpeg","articleSection":["Actualit\u00e9s","Non classifi\u00e9(e)"],"inLanguage":"fr-FR","potentialAction":[{"@type":"CommentAction","name":"Comment","target":["https:\/\/presbyteriancollege.ca\/fr\/2026\/04\/29\/poste-a-pourvoir-directeur-du-college-presbyterien\/#respond"]}]},{"@type":"WebPage","@id":"https:\/\/presbyteriancollege.ca\/fr\/2026\/04\/29\/poste-a-pourvoir-directeur-du-college-presbyterien\/","url":"https:\/\/presbyteriancollege.ca\/fr\/2026\/04\/29\/poste-a-pourvoir-directeur-du-college-presbyterien\/","name":"Offre d'emploi - Principal du Coll\u00e8ge presbyt\u00e9rien - The Presbyterian College, Montreal","isPartOf":{"@id":"https:\/\/presbyteriancollege.ca\/#website"},"primaryImageOfPage":{"@id":"https:\/\/presbyteriancollege.ca\/fr\/2026\/04\/29\/poste-a-pourvoir-directeur-du-college-presbyterien\/#primaryimage"},"image":{"@id":"https:\/\/presbyteriancollege.ca\/fr\/2026\/04\/29\/poste-a-pourvoir-directeur-du-college-presbyterien\/#primaryimage"},"thumbnailUrl":"https:\/\/presbyteriancollege.ca\/wp-content\/uploads\/2023\/07\/cover-2-e1767877625774.jpeg","datePublished":"2026-04-29T19:22:31+00:00","dateModified":"2026-04-29T20:16:19+00:00","description":"Le Coll\u00e8ge presbyt\u00e9rien de Montr\u00e9al est \u00e0 la recherche d'un nouveau directeur ou d'une nouvelle directrice pour soutenir, nourrir et faire progresser la mission du Coll\u00e8ge presbyt\u00e9rien sous la supervision du Conseil des gouverneurs.","breadcrumb":{"@id":"https:\/\/presbyteriancollege.ca\/fr\/2026\/04\/29\/poste-a-pourvoir-directeur-du-college-presbyterien\/#breadcrumb"},"inLanguage":"fr-FR","potentialAction":[{"@type":"ReadAction","target":["https:\/\/presbyteriancollege.ca\/fr\/2026\/04\/29\/poste-a-pourvoir-directeur-du-college-presbyterien\/"]}]},{"@type":"ImageObject","inLanguage":"fr-FR","@id":"https:\/\/presbyteriancollege.ca\/fr\/2026\/04\/29\/poste-a-pourvoir-directeur-du-college-presbyterien\/#primaryimage","url":"https:\/\/presbyteriancollege.ca\/wp-content\/uploads\/2023\/07\/cover-2-e1767877625774.jpeg","contentUrl":"https:\/\/presbyteriancollege.ca\/wp-content\/uploads\/2023\/07\/cover-2-e1767877625774.jpeg","width":640,"height":640,"caption":"in downtown Montreal, Quebec, Canada."},{"@type":"BreadcrumbList","@id":"https:\/\/presbyteriancollege.ca\/fr\/2026\/04\/29\/poste-a-pourvoir-directeur-du-college-presbyterien\/#breadcrumb","itemListElement":[{"@type":"ListItem","position":1,"name":"Home","item":"https:\/\/presbyteriancollege.ca\/fr\/"},{"@type":"ListItem","position":2,"name":"Offre d&#8217;emploi &#8211; Principal du Coll\u00e8ge presbyt\u00e9rien"}]},{"@type":"WebSite","@id":"https:\/\/presbyteriancollege.ca\/#website","url":"https:\/\/presbyteriancollege.ca\/","name":"The Presbyterian College, Montreal","description":"","publisher":{"@id":"https:\/\/presbyteriancollege.ca\/#organization"},"potentialAction":[{"@type":"SearchAction","target":{"@type":"EntryPoint","urlTemplate":"https:\/\/presbyteriancollege.ca\/?s={search_term_string}"},"query-input":{"@type":"PropertyValueSpecification","valueRequired":true,"valueName":"search_term_string"}}],"inLanguage":"fr-FR"},{"@type":"Organization","@id":"https:\/\/presbyteriancollege.ca\/#organization","name":"The Presbyterian College, Montreal","url":"https:\/\/presbyteriancollege.ca\/","logo":{"@type":"ImageObject","inLanguage":"fr-FR","@id":"https:\/\/presbyteriancollege.ca\/#\/schema\/logo\/image\/","url":"https:\/\/presbyteriancollege.ca\/wordpress2021\/wp-content\/uploads\/2021\/05\/PC_logo_2021.png","contentUrl":"https:\/\/presbyteriancollege.ca\/wordpress2021\/wp-content\/uploads\/2021\/05\/PC_logo_2021.png","width":2075,"height":545,"caption":"The Presbyterian College, Montreal"},"image":{"@id":"https:\/\/presbyteriancollege.ca\/#\/schema\/logo\/image\/"},"sameAs":["https:\/\/www.facebook.com\/PCleadershipcentre","https:\/\/x.com\/presbycol"]},{"@type":"Person","@id":"https:\/\/presbyteriancollege.ca\/#\/schema\/person\/950636f3cf5f0565d32450bb71582b34","name":"Roland De Vries","image":{"@type":"ImageObject","inLanguage":"fr-FR","@id":"https:\/\/secure.gravatar.com\/avatar\/12ec785da9be9990c109e7a510a1a8d12cc8f8ffbeb3141397806f88deb8d373?s=96&d=mm&r=g","url":"https:\/\/secure.gravatar.com\/avatar\/12ec785da9be9990c109e7a510a1a8d12cc8f8ffbeb3141397806f88deb8d373?s=96&d=mm&r=g","contentUrl":"https:\/\/secure.gravatar.com\/avatar\/12ec785da9be9990c109e7a510a1a8d12cc8f8ffbeb3141397806f88deb8d373?s=96&d=mm&r=g","caption":"Roland De Vries"},"sameAs":["https:\/\/presbyteriancollege.ca\/"],"url":"https:\/\/presbyteriancollege.ca\/fr\/author\/roland\/"}]}},"_links":{"self":[{"href":"https:\/\/presbyteriancollege.ca\/fr\/wp-json\/wp\/v2\/posts\/16483","targetHints":{"allow":["GET"]}}],"collection":[{"href":"https:\/\/presbyteriancollege.ca\/fr\/wp-json\/wp\/v2\/posts"}],"about":[{"href":"https:\/\/presbyteriancollege.ca\/fr\/wp-json\/wp\/v2\/types\/post"}],"author":[{"embeddable":true,"href":"https:\/\/presbyteriancollege.ca\/fr\/wp-json\/wp\/v2\/users\/2"}],"replies":[{"embeddable":true,"href":"https:\/\/presbyteriancollege.ca\/fr\/wp-json\/wp\/v2\/comments?post=16483"}],"version-history":[{"count":3,"href":"https:\/\/presbyteriancollege.ca\/fr\/wp-json\/wp\/v2\/posts\/16483\/revisions"}],"predecessor-version":[{"id":16486,"href":"https:\/\/presbyteriancollege.ca\/fr\/wp-json\/wp\/v2\/posts\/16483\/revisions\/16486"}],"wp:featuredmedia":[{"embeddable":true,"href":"https:\/\/presbyteriancollege.ca\/fr\/wp-json\/wp\/v2\/media\/12413"}],"wp:attachment":[{"href":"https:\/\/presbyteriancollege.ca\/fr\/wp-json\/wp\/v2\/media?parent=16483"}],"wp:term":[{"taxonomy":"category","embeddable":true,"href":"https:\/\/presbyteriancollege.ca\/fr\/wp-json\/wp\/v2\/categories?post=16483"},{"taxonomy":"post_tag","embeddable":true,"href":"https:\/\/presbyteriancollege.ca\/fr\/wp-json\/wp\/v2\/tags?post=16483"}],"curies":[{"name":"wp","href":"https:\/\/api.w.org\/{rel}","templated":true}]}}