{"id":15254,"date":"2025-03-18T15:16:11","date_gmt":"2025-03-18T19:16:11","guid":{"rendered":"https:\/\/presbyteriancollege.ca\/?p=15254"},"modified":"2025-03-18T15:16:11","modified_gmt":"2025-03-18T19:16:11","slug":"ceremonie-de-la-collation-des-grades-6-juin-2024-2","status":"publish","type":"post","link":"https:\/\/presbyteriancollege.ca\/fr\/2025\/03\/18\/ceremonie-de-la-collation-des-grades-6-juin-2024-2\/","title":{"rendered":"C\u00e9r\u00e9monie de la collation des grades &#8211; 6 juin 2024"},"content":{"rendered":"\n<h5 class=\"wp-block-heading\" id=\"the-rev-dr-lisa-weaver-has-been-named-this-year-s-speaker-for-the-graduates-lecture-and-convocation-which-will-take-place-on-may-5-2022\">The 157th Convocation of The Presbyterian College, Montreal<\/h5>\n\n<p>The Presbyterian College is excited to announce that it will host its 157th Convocation in person on Thursday, June 6th, 2024. Each year we look forward to this opportunity to celebrate a new class of graduates, as well as gather with other members of The Presbyterian College community. We hope to see you there!<\/p>\n\n<h5 class=\"wp-block-heading\">Convocation Speaker<\/h5>\n<div class=\"wp-block-image\">\n<figure class=\"alignleft size-large is-resized\"><img loading=\"lazy\" decoding=\"async\" width=\"852\" height=\"1024\" src=\"https:\/\/presbyteriancollege.ca\/wp-content\/uploads\/2024\/04\/david-final-photo-1-1-852x1024.jpeg\" alt=\"\" class=\"wp-image-13980\" style=\"width:174px;height:auto\" srcset=\"https:\/\/presbyteriancollege.ca\/wp-content\/uploads\/2024\/04\/david-final-photo-1-1-852x1024.jpeg 852w, https:\/\/presbyteriancollege.ca\/wp-content\/uploads\/2024\/04\/david-final-photo-1-1-250x300.jpeg 250w, https:\/\/presbyteriancollege.ca\/wp-content\/uploads\/2024\/04\/david-final-photo-1-1-768x923.jpeg 768w, https:\/\/presbyteriancollege.ca\/wp-content\/uploads\/2024\/04\/david-final-photo-1-1.jpeg 1065w\" sizes=\"auto, (max-width: 852px) 100vw, 852px\" \/><\/figure>\n<\/div>\n<p><strong>REV. DR. DAVID MILLER <\/strong>will serve as Convocation speaker this year. David grew up in central Pennsylvania but has lived in Quebec for most of his adult life\u2014both in Quebec City and in Montreal. David serves as Professor of Systematic Theology at the \u00c9cole de Th\u00e9ologie \u00c9vangelique du Quebec (ETEQ) and as director of its Study Centre for Service, Peace and Reconciliation. The Rev. Miller grew up in the Lutheran Tradition and now serves as pastor of \u2019\u00c9glise \u00e9vang\u00e9lique de Ste-Rose, which is a community of the Fr\u00e8res mennonites in Quebec. We look forward to David&#8217;s sharing at Convocation.<br\/><\/p>\n\n<h5 class=\"wp-block-heading\">Distinctions honorifiques<\/h5>\n<div class=\"wp-block-image\">\n<figure class=\"alignleft size-full is-resized\"><img loading=\"lazy\" decoding=\"async\" width=\"1154\" height=\"1154\" src=\"https:\/\/presbyteriancollege.ca\/wp-content\/uploads\/2024\/02\/IMG_7682-edited.jpeg\" alt=\"\" class=\"wp-image-13787\" style=\"aspect-ratio:1;width:174px;height:auto\" srcset=\"https:\/\/presbyteriancollege.ca\/wp-content\/uploads\/2024\/02\/IMG_7682-edited.jpeg 1154w, https:\/\/presbyteriancollege.ca\/wp-content\/uploads\/2024\/02\/IMG_7682-edited-300x300.jpeg 300w, https:\/\/presbyteriancollege.ca\/wp-content\/uploads\/2024\/02\/IMG_7682-edited-1024x1024.jpeg 1024w, https:\/\/presbyteriancollege.ca\/wp-content\/uploads\/2024\/02\/IMG_7682-edited-150x150.jpeg 150w, https:\/\/presbyteriancollege.ca\/wp-content\/uploads\/2024\/02\/IMG_7682-edited-768x768.jpeg 768w, https:\/\/presbyteriancollege.ca\/wp-content\/uploads\/2024\/02\/IMG_7682-edited-500x500.jpeg 500w\" sizes=\"auto, (max-width: 1154px) 100vw, 1154px\" \/><\/figure>\n<\/div>\n<p><strong>MRS. DONNA MCILVEEN<\/strong> will receive the inaugural <em>Principal\u2019s Award, for Faithful Service and Distinguished Leadership<\/em>. Donna graduated from Ewart College in 1982 and was designated as a Diaconal Minister in 1983. Over past years has served the Presbyterian Church in Canada and local communities diligently, faithfully, and creatively. She has served in a whole variety of roles, including as Director of Christian Education, Administrator and Treasurer for the Order of Diaconal Ministries, in regular pulpit supply, on the Senate of The Presbyterian College, and on other denominational committees. Many of us know Donna from her roles as Clerk of Synod of Quebec and Eastern Ontario and as Clerk of the Presbytery of Seaway-Glengarry, for more than twenty years.<\/p>\n<div class=\"wp-block-image\">\n<figure class=\"alignleft size-full is-resized\"><img loading=\"lazy\" decoding=\"async\" width=\"1327\" height=\"1743\" src=\"https:\/\/presbyteriancollege.ca\/wp-content\/uploads\/2024\/02\/unnamed.jpg\" alt=\"\" class=\"wp-image-13803\" style=\"aspect-ratio:0.7047619047619048;width:176px;height:auto\" srcset=\"https:\/\/presbyteriancollege.ca\/wp-content\/uploads\/2024\/02\/unnamed.jpg 1327w, https:\/\/presbyteriancollege.ca\/wp-content\/uploads\/2024\/02\/unnamed-228x300.jpg 228w, https:\/\/presbyteriancollege.ca\/wp-content\/uploads\/2024\/02\/unnamed-780x1024.jpg 780w, https:\/\/presbyteriancollege.ca\/wp-content\/uploads\/2024\/02\/unnamed-768x1009.jpg 768w, https:\/\/presbyteriancollege.ca\/wp-content\/uploads\/2024\/02\/unnamed-1169x1536.jpg 1169w\" sizes=\"auto, (max-width: 1327px) 100vw, 1327px\" \/><\/figure>\n<\/div>\n<p><strong>REV. IAN FRASER<\/strong> will be granted the Doctor of Divinity degree (<em>honoris causa<\/em>) for his diligent, creative, and faithful service in pastoral ministry. For more than thirty years Ian served in pastoral ministry at St. Columba-by-the-Lake Presbyterian Church in Montreal. His ministry there was marked by gifted preaching, his creative approach to Sunday Worship, his capacity to draw volunteers into the ministry and life of the church, his spearheading of a food security mission for the church, and his welcoming spirit in relation to all. Ian has also served capably and faithfully as a supervisor of ministry students, as an Interim Minister, as a Coach for the New Beginnings Program of the PCC, and on various denominational committees. We are delighted to honour Ian with the Doctor of Divinity (<em>honoris causa<\/em>).<\/p>\n\n<p class=\"has-text-align-center has-text-color\" style=\"color:#7f183b\"><br\/><strong> CALENDRIER DES \u00c9V\u00c9NEMENTS<\/strong> <strong>&#8211; le jeudi 6 juin 2024<\/strong><\/p>\n\n<p class=\"has-text-align-center\"><strong>Graduates&#8217; Reception<\/strong><br\/><strong>4:30 &#8211; 6:00 p.m.<\/strong><br\/><strong><em>with brief presentations at 5:00 p.m.<\/em><\/strong><br\/><em>(College Foyer and Chapel)<\/em><\/p>\n\n<p class=\"has-text-align-center\"><strong>Convocation &#8211; 7:00 p.m.<\/strong><br\/>(Church of St. Andrew and St. Paul &#8211; 3415 Redpath Street)<br\/><\/p>\n\n<figure class=\"wp-block-image size-large\"><img loading=\"lazy\" decoding=\"async\" width=\"1024\" height=\"387\" src=\"https:\/\/presbyteriancollege.ca\/wp-content\/uploads\/2021\/09\/Pres-Convocation-100-1024x387.jpeg\" alt=\"\" class=\"wp-image-7587\" srcset=\"https:\/\/presbyteriancollege.ca\/wp-content\/uploads\/2021\/09\/Pres-Convocation-100-1024x387.jpeg 1024w, https:\/\/presbyteriancollege.ca\/wp-content\/uploads\/2021\/09\/Pres-Convocation-100-300x113.jpeg 300w, https:\/\/presbyteriancollege.ca\/wp-content\/uploads\/2021\/09\/Pres-Convocation-100-768x290.jpeg 768w, https:\/\/presbyteriancollege.ca\/wp-content\/uploads\/2021\/09\/Pres-Convocation-100.jpeg 1280w\" sizes=\"auto, (max-width: 1024px) 100vw, 1024px\" \/><\/figure>\n","protected":false},"excerpt":{"rendered":"<p>The 157th Convocation of The Presbyterian College, Montreal The Presbyterian College is excited to announce that it will host its 157th Convocation in person on Thursday, June 6th, 2024. Each [&hellip;]<\/p>\n","protected":false},"author":2,"featured_media":12393,"comment_status":"closed","ping_status":"closed","sticky":false,"template":"","format":"standard","meta":{"episode_type":"","audio_file":"","podmotor_file_id":"","podmotor_episode_id":"","cover_image":"","cover_image_id":"","duration":"","filesize":"","filesize_raw":"","date_recorded":"","explicit":"","block":"","footnotes":""},"categories":[139,126],"tags":[],"class_list":["post-15254","post","type-post","status-publish","format-standard","has-post-thumbnail","hentry","category-actualites","category-non-classifiee"],"yoast_head":"<!-- This site is optimized with the Yoast SEO plugin v27.4 - https:\/\/yoast.com\/product\/yoast-seo-wordpress\/ -->\n<title>C\u00e9r\u00e9monie de la collation des grades - 6 juin 2024 - The Presbyterian College, Montreal<\/title>\n<meta name=\"robots\" content=\"index, follow, max-snippet:-1, max-image-preview:large, max-video-preview:-1\" \/>\n<link rel=\"canonical\" href=\"https:\/\/presbyteriancollege.ca\/fr\/2025\/03\/13\/ceremonie-de-la-collation-des-grades-6-juin-2024-2\/\" \/>\n<meta property=\"og:locale\" content=\"fr_FR\" \/>\n<meta property=\"og:type\" content=\"article\" \/>\n<meta property=\"og:title\" content=\"C\u00e9r\u00e9monie de la collation des grades - 6 juin 2024 - The Presbyterian College, Montreal\" \/>\n<meta property=\"og:description\" content=\"The 157th Convocation of The Presbyterian College, Montreal The Presbyterian College is excited to announce that it will host its 157th Convocation in person on Thursday, June 6th, 2024. Each [&hellip;]\" \/>\n<meta property=\"og:url\" content=\"https:\/\/presbyteriancollege.ca\/fr\/2025\/03\/13\/ceremonie-de-la-collation-des-grades-6-juin-2024-2\/\" \/>\n<meta property=\"og:site_name\" content=\"The Presbyterian College, Montreal\" \/>\n<meta property=\"article:publisher\" content=\"https:\/\/www.facebook.com\/PCleadershipcentre\" \/>\n<meta property=\"article:published_time\" content=\"2025-03-18T19:16:11+00:00\" \/>\n<meta property=\"og:image\" content=\"https:\/\/presbyteriancollege.ca\/wp-content\/uploads\/2023\/05\/DSC04537-Medium.jpg\" \/>\n\t<meta property=\"og:image:width\" content=\"1152\" \/>\n\t<meta property=\"og:image:height\" content=\"768\" \/>\n\t<meta property=\"og:image:type\" content=\"image\/jpeg\" \/>\n<meta name=\"author\" content=\"Roland De Vries\" \/>\n<meta name=\"twitter:card\" content=\"summary_large_image\" \/>\n<meta name=\"twitter:creator\" content=\"@presbycol\" \/>\n<meta name=\"twitter:site\" content=\"@presbycol\" \/>\n<meta name=\"twitter:label1\" content=\"Written by\" \/>\n\t<meta name=\"twitter:data1\" content=\"Roland De Vries\" \/>\n\t<meta name=\"twitter:label2\" content=\"Est. reading time\" \/>\n\t<meta name=\"twitter:data2\" content=\"2 minutes\" \/>\n<script type=\"application\/ld+json\" class=\"yoast-schema-graph\">{\"@context\":\"https:\\\/\\\/schema.org\",\"@graph\":[{\"@type\":\"Article\",\"@id\":\"https:\\\/\\\/presbyteriancollege.ca\\\/fr\\\/2025\\\/03\\\/13\\\/ceremonie-de-la-collation-des-grades-6-juin-2024-2\\\/#article\",\"isPartOf\":{\"@id\":\"https:\\\/\\\/presbyteriancollege.ca\\\/fr\\\/2025\\\/03\\\/13\\\/ceremonie-de-la-collation-des-grades-6-juin-2024-2\\\/\"},\"author\":{\"name\":\"Roland De Vries\",\"@id\":\"https:\\\/\\\/presbyteriancollege.ca\\\/#\\\/schema\\\/person\\\/950636f3cf5f0565d32450bb71582b34\"},\"headline\":\"C\u00e9r\u00e9monie de la collation des grades &#8211; 6 juin 2024\",\"datePublished\":\"2025-03-18T19:16:11+00:00\",\"mainEntityOfPage\":{\"@id\":\"https:\\\/\\\/presbyteriancollege.ca\\\/fr\\\/2025\\\/03\\\/13\\\/ceremonie-de-la-collation-des-grades-6-juin-2024-2\\\/\"},\"wordCount\":464,\"publisher\":{\"@id\":\"https:\\\/\\\/presbyteriancollege.ca\\\/#organization\"},\"image\":{\"@id\":\"https:\\\/\\\/presbyteriancollege.ca\\\/fr\\\/2025\\\/03\\\/13\\\/ceremonie-de-la-collation-des-grades-6-juin-2024-2\\\/#primaryimage\"},\"thumbnailUrl\":\"https:\\\/\\\/presbyteriancollege.ca\\\/wp-content\\\/uploads\\\/2023\\\/05\\\/DSC04537-Medium.jpg\",\"articleSection\":[\"Actualit\u00e9s\",\"Non classifi\u00e9(e)\"],\"inLanguage\":\"fr-FR\"},{\"@type\":\"WebPage\",\"@id\":\"https:\\\/\\\/presbyteriancollege.ca\\\/fr\\\/2025\\\/03\\\/13\\\/ceremonie-de-la-collation-des-grades-6-juin-2024-2\\\/\",\"url\":\"https:\\\/\\\/presbyteriancollege.ca\\\/fr\\\/2025\\\/03\\\/13\\\/ceremonie-de-la-collation-des-grades-6-juin-2024-2\\\/\",\"name\":\"C\u00e9r\u00e9monie de la collation des grades - 6 juin 2024 - The Presbyterian College, Montreal\",\"isPartOf\":{\"@id\":\"https:\\\/\\\/presbyteriancollege.ca\\\/#website\"},\"primaryImageOfPage\":{\"@id\":\"https:\\\/\\\/presbyteriancollege.ca\\\/fr\\\/2025\\\/03\\\/13\\\/ceremonie-de-la-collation-des-grades-6-juin-2024-2\\\/#primaryimage\"},\"image\":{\"@id\":\"https:\\\/\\\/presbyteriancollege.ca\\\/fr\\\/2025\\\/03\\\/13\\\/ceremonie-de-la-collation-des-grades-6-juin-2024-2\\\/#primaryimage\"},\"thumbnailUrl\":\"https:\\\/\\\/presbyteriancollege.ca\\\/wp-content\\\/uploads\\\/2023\\\/05\\\/DSC04537-Medium.jpg\",\"datePublished\":\"2025-03-18T19:16:11+00:00\",\"breadcrumb\":{\"@id\":\"https:\\\/\\\/presbyteriancollege.ca\\\/fr\\\/2025\\\/03\\\/13\\\/ceremonie-de-la-collation-des-grades-6-juin-2024-2\\\/#breadcrumb\"},\"inLanguage\":\"fr-FR\",\"potentialAction\":[{\"@type\":\"ReadAction\",\"target\":[\"https:\\\/\\\/presbyteriancollege.ca\\\/fr\\\/2025\\\/03\\\/13\\\/ceremonie-de-la-collation-des-grades-6-juin-2024-2\\\/\"]}]},{\"@type\":\"ImageObject\",\"inLanguage\":\"fr-FR\",\"@id\":\"https:\\\/\\\/presbyteriancollege.ca\\\/fr\\\/2025\\\/03\\\/13\\\/ceremonie-de-la-collation-des-grades-6-juin-2024-2\\\/#primaryimage\",\"url\":\"https:\\\/\\\/presbyteriancollege.ca\\\/wp-content\\\/uploads\\\/2023\\\/05\\\/DSC04537-Medium.jpg\",\"contentUrl\":\"https:\\\/\\\/presbyteriancollege.ca\\\/wp-content\\\/uploads\\\/2023\\\/05\\\/DSC04537-Medium.jpg\",\"width\":1152,\"height\":768},{\"@type\":\"BreadcrumbList\",\"@id\":\"https:\\\/\\\/presbyteriancollege.ca\\\/fr\\\/2025\\\/03\\\/13\\\/ceremonie-de-la-collation-des-grades-6-juin-2024-2\\\/#breadcrumb\",\"itemListElement\":[{\"@type\":\"ListItem\",\"position\":1,\"name\":\"Home\",\"item\":\"https:\\\/\\\/presbyteriancollege.ca\\\/fr\\\/\"},{\"@type\":\"ListItem\",\"position\":2,\"name\":\"C\u00e9r\u00e9monie de la collation des grades &#8211; 6 juin 2024\"}]},{\"@type\":\"WebSite\",\"@id\":\"https:\\\/\\\/presbyteriancollege.ca\\\/#website\",\"url\":\"https:\\\/\\\/presbyteriancollege.ca\\\/\",\"name\":\"The Presbyterian College, Montreal\",\"description\":\"\",\"publisher\":{\"@id\":\"https:\\\/\\\/presbyteriancollege.ca\\\/#organization\"},\"potentialAction\":[{\"@type\":\"SearchAction\",\"target\":{\"@type\":\"EntryPoint\",\"urlTemplate\":\"https:\\\/\\\/presbyteriancollege.ca\\\/?s={search_term_string}\"},\"query-input\":{\"@type\":\"PropertyValueSpecification\",\"valueRequired\":true,\"valueName\":\"search_term_string\"}}],\"inLanguage\":\"fr-FR\"},{\"@type\":\"Organization\",\"@id\":\"https:\\\/\\\/presbyteriancollege.ca\\\/#organization\",\"name\":\"The Presbyterian College, Montreal\",\"url\":\"https:\\\/\\\/presbyteriancollege.ca\\\/\",\"logo\":{\"@type\":\"ImageObject\",\"inLanguage\":\"fr-FR\",\"@id\":\"https:\\\/\\\/presbyteriancollege.ca\\\/#\\\/schema\\\/logo\\\/image\\\/\",\"url\":\"https:\\\/\\\/presbyteriancollege.ca\\\/wordpress2021\\\/wp-content\\\/uploads\\\/2021\\\/05\\\/PC_logo_2021.png\",\"contentUrl\":\"https:\\\/\\\/presbyteriancollege.ca\\\/wordpress2021\\\/wp-content\\\/uploads\\\/2021\\\/05\\\/PC_logo_2021.png\",\"width\":2075,\"height\":545,\"caption\":\"The Presbyterian College, Montreal\"},\"image\":{\"@id\":\"https:\\\/\\\/presbyteriancollege.ca\\\/#\\\/schema\\\/logo\\\/image\\\/\"},\"sameAs\":[\"https:\\\/\\\/www.facebook.com\\\/PCleadershipcentre\",\"https:\\\/\\\/x.com\\\/presbycol\"]},{\"@type\":\"Person\",\"@id\":\"https:\\\/\\\/presbyteriancollege.ca\\\/#\\\/schema\\\/person\\\/950636f3cf5f0565d32450bb71582b34\",\"name\":\"Roland De Vries\",\"image\":{\"@type\":\"ImageObject\",\"inLanguage\":\"fr-FR\",\"@id\":\"https:\\\/\\\/secure.gravatar.com\\\/avatar\\\/12ec785da9be9990c109e7a510a1a8d12cc8f8ffbeb3141397806f88deb8d373?s=96&d=mm&r=g\",\"url\":\"https:\\\/\\\/secure.gravatar.com\\\/avatar\\\/12ec785da9be9990c109e7a510a1a8d12cc8f8ffbeb3141397806f88deb8d373?s=96&d=mm&r=g\",\"contentUrl\":\"https:\\\/\\\/secure.gravatar.com\\\/avatar\\\/12ec785da9be9990c109e7a510a1a8d12cc8f8ffbeb3141397806f88deb8d373?s=96&d=mm&r=g\",\"caption\":\"Roland De Vries\"},\"sameAs\":[\"https:\\\/\\\/presbyteriancollege.ca\\\/\"],\"url\":\"https:\\\/\\\/presbyteriancollege.ca\\\/fr\\\/author\\\/roland\\\/\"}]}<\/script>\n<!-- \/ Yoast SEO plugin. -->","yoast_head_json":{"title":"C\u00e9r\u00e9monie de la collation des grades - 6 juin 2024 - The Presbyterian College, Montreal","robots":{"index":"index","follow":"follow","max-snippet":"max-snippet:-1","max-image-preview":"max-image-preview:large","max-video-preview":"max-video-preview:-1"},"canonical":"https:\/\/presbyteriancollege.ca\/fr\/2025\/03\/13\/ceremonie-de-la-collation-des-grades-6-juin-2024-2\/","og_locale":"fr_FR","og_type":"article","og_title":"C\u00e9r\u00e9monie de la collation des grades - 6 juin 2024 - The Presbyterian College, Montreal","og_description":"The 157th Convocation of The Presbyterian College, Montreal The Presbyterian College is excited to announce that it will host its 157th Convocation in person on Thursday, June 6th, 2024. Each [&hellip;]","og_url":"https:\/\/presbyteriancollege.ca\/fr\/2025\/03\/13\/ceremonie-de-la-collation-des-grades-6-juin-2024-2\/","og_site_name":"The Presbyterian College, Montreal","article_publisher":"https:\/\/www.facebook.com\/PCleadershipcentre","article_published_time":"2025-03-18T19:16:11+00:00","og_image":[{"width":1152,"height":768,"url":"https:\/\/presbyteriancollege.ca\/wp-content\/uploads\/2023\/05\/DSC04537-Medium.jpg","type":"image\/jpeg"}],"author":"Roland De Vries","twitter_card":"summary_large_image","twitter_creator":"@presbycol","twitter_site":"@presbycol","twitter_misc":{"Written by":"Roland De Vries","Est. reading time":"2 minutes"},"schema":{"@context":"https:\/\/schema.org","@graph":[{"@type":"Article","@id":"https:\/\/presbyteriancollege.ca\/fr\/2025\/03\/13\/ceremonie-de-la-collation-des-grades-6-juin-2024-2\/#article","isPartOf":{"@id":"https:\/\/presbyteriancollege.ca\/fr\/2025\/03\/13\/ceremonie-de-la-collation-des-grades-6-juin-2024-2\/"},"author":{"name":"Roland De Vries","@id":"https:\/\/presbyteriancollege.ca\/#\/schema\/person\/950636f3cf5f0565d32450bb71582b34"},"headline":"C\u00e9r\u00e9monie de la collation des grades &#8211; 6 juin 2024","datePublished":"2025-03-18T19:16:11+00:00","mainEntityOfPage":{"@id":"https:\/\/presbyteriancollege.ca\/fr\/2025\/03\/13\/ceremonie-de-la-collation-des-grades-6-juin-2024-2\/"},"wordCount":464,"publisher":{"@id":"https:\/\/presbyteriancollege.ca\/#organization"},"image":{"@id":"https:\/\/presbyteriancollege.ca\/fr\/2025\/03\/13\/ceremonie-de-la-collation-des-grades-6-juin-2024-2\/#primaryimage"},"thumbnailUrl":"https:\/\/presbyteriancollege.ca\/wp-content\/uploads\/2023\/05\/DSC04537-Medium.jpg","articleSection":["Actualit\u00e9s","Non classifi\u00e9(e)"],"inLanguage":"fr-FR"},{"@type":"WebPage","@id":"https:\/\/presbyteriancollege.ca\/fr\/2025\/03\/13\/ceremonie-de-la-collation-des-grades-6-juin-2024-2\/","url":"https:\/\/presbyteriancollege.ca\/fr\/2025\/03\/13\/ceremonie-de-la-collation-des-grades-6-juin-2024-2\/","name":"C\u00e9r\u00e9monie de la collation des grades - 6 juin 2024 - The Presbyterian College, Montreal","isPartOf":{"@id":"https:\/\/presbyteriancollege.ca\/#website"},"primaryImageOfPage":{"@id":"https:\/\/presbyteriancollege.ca\/fr\/2025\/03\/13\/ceremonie-de-la-collation-des-grades-6-juin-2024-2\/#primaryimage"},"image":{"@id":"https:\/\/presbyteriancollege.ca\/fr\/2025\/03\/13\/ceremonie-de-la-collation-des-grades-6-juin-2024-2\/#primaryimage"},"thumbnailUrl":"https:\/\/presbyteriancollege.ca\/wp-content\/uploads\/2023\/05\/DSC04537-Medium.jpg","datePublished":"2025-03-18T19:16:11+00:00","breadcrumb":{"@id":"https:\/\/presbyteriancollege.ca\/fr\/2025\/03\/13\/ceremonie-de-la-collation-des-grades-6-juin-2024-2\/#breadcrumb"},"inLanguage":"fr-FR","potentialAction":[{"@type":"ReadAction","target":["https:\/\/presbyteriancollege.ca\/fr\/2025\/03\/13\/ceremonie-de-la-collation-des-grades-6-juin-2024-2\/"]}]},{"@type":"ImageObject","inLanguage":"fr-FR","@id":"https:\/\/presbyteriancollege.ca\/fr\/2025\/03\/13\/ceremonie-de-la-collation-des-grades-6-juin-2024-2\/#primaryimage","url":"https:\/\/presbyteriancollege.ca\/wp-content\/uploads\/2023\/05\/DSC04537-Medium.jpg","contentUrl":"https:\/\/presbyteriancollege.ca\/wp-content\/uploads\/2023\/05\/DSC04537-Medium.jpg","width":1152,"height":768},{"@type":"BreadcrumbList","@id":"https:\/\/presbyteriancollege.ca\/fr\/2025\/03\/13\/ceremonie-de-la-collation-des-grades-6-juin-2024-2\/#breadcrumb","itemListElement":[{"@type":"ListItem","position":1,"name":"Home","item":"https:\/\/presbyteriancollege.ca\/fr\/"},{"@type":"ListItem","position":2,"name":"C\u00e9r\u00e9monie de la collation des grades &#8211; 6 juin 2024"}]},{"@type":"WebSite","@id":"https:\/\/presbyteriancollege.ca\/#website","url":"https:\/\/presbyteriancollege.ca\/","name":"The Presbyterian College, Montreal","description":"","publisher":{"@id":"https:\/\/presbyteriancollege.ca\/#organization"},"potentialAction":[{"@type":"SearchAction","target":{"@type":"EntryPoint","urlTemplate":"https:\/\/presbyteriancollege.ca\/?s={search_term_string}"},"query-input":{"@type":"PropertyValueSpecification","valueRequired":true,"valueName":"search_term_string"}}],"inLanguage":"fr-FR"},{"@type":"Organization","@id":"https:\/\/presbyteriancollege.ca\/#organization","name":"The Presbyterian College, Montreal","url":"https:\/\/presbyteriancollege.ca\/","logo":{"@type":"ImageObject","inLanguage":"fr-FR","@id":"https:\/\/presbyteriancollege.ca\/#\/schema\/logo\/image\/","url":"https:\/\/presbyteriancollege.ca\/wordpress2021\/wp-content\/uploads\/2021\/05\/PC_logo_2021.png","contentUrl":"https:\/\/presbyteriancollege.ca\/wordpress2021\/wp-content\/uploads\/2021\/05\/PC_logo_2021.png","width":2075,"height":545,"caption":"The Presbyterian College, Montreal"},"image":{"@id":"https:\/\/presbyteriancollege.ca\/#\/schema\/logo\/image\/"},"sameAs":["https:\/\/www.facebook.com\/PCleadershipcentre","https:\/\/x.com\/presbycol"]},{"@type":"Person","@id":"https:\/\/presbyteriancollege.ca\/#\/schema\/person\/950636f3cf5f0565d32450bb71582b34","name":"Roland De Vries","image":{"@type":"ImageObject","inLanguage":"fr-FR","@id":"https:\/\/secure.gravatar.com\/avatar\/12ec785da9be9990c109e7a510a1a8d12cc8f8ffbeb3141397806f88deb8d373?s=96&d=mm&r=g","url":"https:\/\/secure.gravatar.com\/avatar\/12ec785da9be9990c109e7a510a1a8d12cc8f8ffbeb3141397806f88deb8d373?s=96&d=mm&r=g","contentUrl":"https:\/\/secure.gravatar.com\/avatar\/12ec785da9be9990c109e7a510a1a8d12cc8f8ffbeb3141397806f88deb8d373?s=96&d=mm&r=g","caption":"Roland De Vries"},"sameAs":["https:\/\/presbyteriancollege.ca\/"],"url":"https:\/\/presbyteriancollege.ca\/fr\/author\/roland\/"}]}},"_links":{"self":[{"href":"https:\/\/presbyteriancollege.ca\/fr\/wp-json\/wp\/v2\/posts\/15254","targetHints":{"allow":["GET"]}}],"collection":[{"href":"https:\/\/presbyteriancollege.ca\/fr\/wp-json\/wp\/v2\/posts"}],"about":[{"href":"https:\/\/presbyteriancollege.ca\/fr\/wp-json\/wp\/v2\/types\/post"}],"author":[{"embeddable":true,"href":"https:\/\/presbyteriancollege.ca\/fr\/wp-json\/wp\/v2\/users\/2"}],"replies":[{"embeddable":true,"href":"https:\/\/presbyteriancollege.ca\/fr\/wp-json\/wp\/v2\/comments?post=15254"}],"version-history":[{"count":1,"href":"https:\/\/presbyteriancollege.ca\/fr\/wp-json\/wp\/v2\/posts\/15254\/revisions"}],"predecessor-version":[{"id":15255,"href":"https:\/\/presbyteriancollege.ca\/fr\/wp-json\/wp\/v2\/posts\/15254\/revisions\/15255"}],"wp:featuredmedia":[{"embeddable":true,"href":"https:\/\/presbyteriancollege.ca\/fr\/wp-json\/wp\/v2\/media\/12393"}],"wp:attachment":[{"href":"https:\/\/presbyteriancollege.ca\/fr\/wp-json\/wp\/v2\/media?parent=15254"}],"wp:term":[{"taxonomy":"category","embeddable":true,"href":"https:\/\/presbyteriancollege.ca\/fr\/wp-json\/wp\/v2\/categories?post=15254"},{"taxonomy":"post_tag","embeddable":true,"href":"https:\/\/presbyteriancollege.ca\/fr\/wp-json\/wp\/v2\/tags?post=15254"}],"curies":[{"name":"wp","href":"https:\/\/api.w.org\/{rel}","templated":true}]}}